{"id":315,"date":"2014-10-01T20:55:47","date_gmt":"2014-10-01T18:55:47","guid":{"rendered":"http:\/\/baublog.schmetz.info\/?p=315"},"modified":"2015-01-11T12:02:04","modified_gmt":"2015-01-11T10:02:04","slug":"weg-frei-hecke-entfernt","status":"publish","type":"post","link":"https:\/\/baublog.schmetz.info\/?p=315","title":{"rendered":"Weg frei. Hecke entfernt"},"content":{"rendered":"<p>Lange haben wir auf den Oktober gewartet und die Saison in der Hecken in Aachen geschnitten werden d\u00fcrfen. Alle V\u00f6gel sind mittlerweile erwachsen und ausgezogen.<\/p>\n<p>Nun ist der Weg frei f\u00fcr die hoffentlich bald nahenden Baufahrzeuge. Allein der Kirschbaum muss noch im Zuge der Baugenehmigung zur F\u00e4llung freigegeben werden.<!--more--><\/p>\n<p><a href=\"http:\/\/baublog.schmetz.info\/wp-content\/uploads\/2014\/11\/20141001_hecke_entfernt.jpg\"><img loading=\"lazy\" decoding=\"async\" class=\"alignnone size-medium wp-image-316\" src=\"http:\/\/baublog.schmetz.info\/wp-content\/uploads\/2014\/11\/20141001_hecke_entfernt-300x168.jpg\" alt=\"20141001_hecke_entfernt\" width=\"300\" height=\"168\" srcset=\"https:\/\/baublog.schmetz.info\/wp-content\/uploads\/2014\/11\/20141001_hecke_entfernt-300x168.jpg 300w, https:\/\/baublog.schmetz.info\/wp-content\/uploads\/2014\/11\/20141001_hecke_entfernt-1024x576.jpg 1024w, https:\/\/baublog.schmetz.info\/wp-content\/uploads\/2014\/11\/20141001_hecke_entfernt-500x281.jpg 500w, https:\/\/baublog.schmetz.info\/wp-content\/uploads\/2014\/11\/20141001_hecke_entfernt.jpg 1500w\" sizes=\"auto, (max-width: 300px) 100vw, 300px\" \/><\/a><\/p>\n<p>Als n\u00e4chste &#8220;Gartenarbeit&#8221; folgt dann das entsorgen oder h\u00e4ckseln des angesammelten Gr\u00fcnschnitts.<\/p>\n","protected":false},"excerpt":{"rendered":"<p>Lange haben wir auf den Oktober gewartet und die Saison in der Hecken in Aachen geschnitten werden d\u00fcrfen. Alle V\u00f6gel sind mittlerweile erwachsen und ausgezogen. Nun ist der Weg frei f\u00fcr die hoffentlich bald nahenden Baufahrzeuge. Allein der Kirschbaum muss &hellip; <a class=\"more-link\" href=\"https:\/\/baublog.schmetz.info\/?p=315\">Weiterlesen <span class=\"meta-nav\">&rarr;<\/span><\/a><\/p>\n","protected":false},"author":1,"featured_media":0,"comment_status":"open","ping_status":"open","sticky":false,"template":"","format":"standard","meta":{"_s2mail":"yes","footnotes":""},"categories":[6],"tags":[],"class_list":["post-315","post","type-post","status-publish","format-standard","hentry","category-vorbereitung-des-grundstuecks"],"_links":{"self":[{"href":"https:\/\/baublog.schmetz.info\/index.php?rest_route=\/wp\/v2\/posts\/315","targetHints":{"allow":["GET"]}}],"collection":[{"href":"https:\/\/baublog.schmetz.info\/index.php?rest_route=\/wp\/v2\/posts"}],"about":[{"href":"https:\/\/baublog.schmetz.info\/index.php?rest_route=\/wp\/v2\/types\/post"}],"author":[{"embeddable":true,"href":"https:\/\/baublog.schmetz.info\/index.php?rest_route=\/wp\/v2\/users\/1"}],"replies":[{"embeddable":true,"href":"https:\/\/baublog.schmetz.info\/index.php?rest_route=%2Fwp%2Fv2%2Fcomments&post=315"}],"version-history":[{"count":2,"href":"https:\/\/baublog.schmetz.info\/index.php?rest_route=\/wp\/v2\/posts\/315\/revisions"}],"predecessor-version":[{"id":479,"href":"https:\/\/baublog.schmetz.info\/index.php?rest_route=\/wp\/v2\/posts\/315\/revisions\/479"}],"wp:attachment":[{"href":"https:\/\/baublog.schmetz.info\/index.php?rest_route=%2Fwp%2Fv2%2Fmedia&parent=315"}],"wp:term":[{"taxonomy":"category","embeddable":true,"href":"https:\/\/baublog.schmetz.info\/index.php?rest_route=%2Fwp%2Fv2%2Fcategories&post=315"},{"taxonomy":"post_tag","embeddable":true,"href":"https:\/\/baublog.schmetz.info\/index.php?rest_route=%2Fwp%2Fv2%2Ftags&post=315"}],"curies":[{"name":"wp","href":"https:\/\/api.w.org\/{rel}","templated":true}]}}