{"id":1302,"date":"2015-08-31T10:38:21","date_gmt":"2015-08-31T08:38:21","guid":{"rendered":"http:\/\/baublog.schmetz.info\/?p=1302"},"modified":"2015-09-06T10:49:16","modified_gmt":"2015-09-06T08:49:16","slug":"dachdecker-korrekturen","status":"publish","type":"post","link":"https:\/\/baublog.schmetz.info\/?p=1302","title":{"rendered":"Dachdecker Korrekturen"},"content":{"rendered":"<p>Der Dachdecker musste auch noch mal kommen, da noch eine Abluft\u00f6ffnung zu viel auf dem Dach montiert wurde. Diese hat er entfernt.<!--more--><\/p>\n<p style=\"text-align: center;\"><a href=\"http:\/\/baublog.schmetz.info\/wp-content\/uploads\/2015\/09\/20150831_dachdecker_korrekturen_1.jpg\"><img loading=\"lazy\" decoding=\"async\" class=\"alignnone size-medium wp-image-1303\" src=\"http:\/\/baublog.schmetz.info\/wp-content\/uploads\/2015\/09\/20150831_dachdecker_korrekturen_1-169x300.jpg\" alt=\"20150831_dachdecker_korrekturen_1\" width=\"169\" height=\"300\" srcset=\"https:\/\/baublog.schmetz.info\/wp-content\/uploads\/2015\/09\/20150831_dachdecker_korrekturen_1-169x300.jpg 169w, https:\/\/baublog.schmetz.info\/wp-content\/uploads\/2015\/09\/20150831_dachdecker_korrekturen_1.jpg 532w\" sizes=\"auto, (max-width: 169px) 100vw, 169px\" \/><\/a><\/p>\n<p>Die Abwasserleitungsbel\u00fcftung, ist durch die verschm\u00e4lerung des vorderen Geb\u00e4udeteils versetzt auf dem Dachboden eingef\u00fchrt. Der Anschluss an die Dach\u00f6ffnung wurde aber scheinbar nicht mit versetzt geplant und so passt das nun nicht \u00fcberein. Das hatte die Sanit\u00e4rfirma vor ein paar Wochen auch als zu korrigieren angegeben. Der Dachdecker hat es aber nicht versetzt.<\/p>\n<p style=\"text-align: center;\"><a href=\"http:\/\/baublog.schmetz.info\/wp-content\/uploads\/2015\/09\/20150831_dachdecker_korrekturen_2.jpg\"><img loading=\"lazy\" decoding=\"async\" class=\"alignnone size-medium wp-image-1304\" src=\"http:\/\/baublog.schmetz.info\/wp-content\/uploads\/2015\/09\/20150831_dachdecker_korrekturen_2-300x169.jpg\" alt=\"20150831_dachdecker_korrekturen_2\" width=\"300\" height=\"169\" srcset=\"https:\/\/baublog.schmetz.info\/wp-content\/uploads\/2015\/09\/20150831_dachdecker_korrekturen_2-300x169.jpg 300w, https:\/\/baublog.schmetz.info\/wp-content\/uploads\/2015\/09\/20150831_dachdecker_korrekturen_2-1024x576.jpg 1024w, https:\/\/baublog.schmetz.info\/wp-content\/uploads\/2015\/09\/20150831_dachdecker_korrekturen_2-500x281.jpg 500w, https:\/\/baublog.schmetz.info\/wp-content\/uploads\/2015\/09\/20150831_dachdecker_korrekturen_2.jpg 1680w\" sizes=\"auto, (max-width: 300px) 100vw, 300px\" \/><\/a><\/p>\n<p style=\"text-align: left;\">Der Bauleiter meinte nun, dass w\u00fcrde so angeschlossen werden. Das da aber nun einfach quer \u00fcber die Dachbodenwand das Rohr gespannt werden soll, finden wir nicht gut und haben hier noch mal darum gebeten, dass die Verbindung bitte senkrecht vorgenommen werden soll, damit nicht die ganze Wand blockiert ist.<\/p>\n<p style=\"text-align: left;\">Wir haben die Anwesenheit vom Dachdecker direkt noch genutzt um den Satellitenantennenmast eine Reihe nach unten zu setzen. Wir hatten probeweise mal eine Satellitensch\u00fcssel montiert und festgestellt, dass nach der Ausrichtung das LNB \u00fcber dem Dachfenster h\u00e4ngen w\u00fcrde. Das sollte nun passen.<\/p>\n<p style=\"text-align: center;\"><a href=\"http:\/\/baublog.schmetz.info\/wp-content\/uploads\/2015\/09\/20150831_dachdecker_korrekturen_3.jpg\"><img loading=\"lazy\" decoding=\"async\" class=\"alignnone size-medium wp-image-1305\" src=\"http:\/\/baublog.schmetz.info\/wp-content\/uploads\/2015\/09\/20150831_dachdecker_korrekturen_3-169x300.jpg\" alt=\"20150831_dachdecker_korrekturen_3\" width=\"169\" height=\"300\" srcset=\"https:\/\/baublog.schmetz.info\/wp-content\/uploads\/2015\/09\/20150831_dachdecker_korrekturen_3-169x300.jpg 169w, https:\/\/baublog.schmetz.info\/wp-content\/uploads\/2015\/09\/20150831_dachdecker_korrekturen_3.jpg 532w\" sizes=\"auto, (max-width: 169px) 100vw, 169px\" \/><\/a><\/p>\n<p>&nbsp;<\/p>\n<p>&nbsp;<\/p>\n<p>&nbsp;<\/p>\n<p>&nbsp;<\/p>\n","protected":false},"excerpt":{"rendered":"<p>Der Dachdecker musste auch noch mal kommen, da noch eine Abluft\u00f6ffnung zu viel auf dem Dach montiert wurde. Diese hat er entfernt.<\/p>\n","protected":false},"author":1,"featured_media":0,"comment_status":"open","ping_status":"open","sticky":false,"template":"","format":"standard","meta":{"_s2mail":"yes","footnotes":""},"categories":[10],"tags":[],"class_list":["post-1302","post","type-post","status-publish","format-standard","hentry","category-rohbauphase"],"_links":{"self":[{"href":"https:\/\/baublog.schmetz.info\/index.php?rest_route=\/wp\/v2\/posts\/1302","targetHints":{"allow":["GET"]}}],"collection":[{"href":"https:\/\/baublog.schmetz.info\/index.php?rest_route=\/wp\/v2\/posts"}],"about":[{"href":"https:\/\/baublog.schmetz.info\/index.php?rest_route=\/wp\/v2\/types\/post"}],"author":[{"embeddable":true,"href":"https:\/\/baublog.schmetz.info\/index.php?rest_route=\/wp\/v2\/users\/1"}],"replies":[{"embeddable":true,"href":"https:\/\/baublog.schmetz.info\/index.php?rest_route=%2Fwp%2Fv2%2Fcomments&post=1302"}],"version-history":[{"count":2,"href":"https:\/\/baublog.schmetz.info\/index.php?rest_route=\/wp\/v2\/posts\/1302\/revisions"}],"predecessor-version":[{"id":1307,"href":"https:\/\/baublog.schmetz.info\/index.php?rest_route=\/wp\/v2\/posts\/1302\/revisions\/1307"}],"wp:attachment":[{"href":"https:\/\/baublog.schmetz.info\/index.php?rest_route=%2Fwp%2Fv2%2Fmedia&parent=1302"}],"wp:term":[{"taxonomy":"category","embeddable":true,"href":"https:\/\/baublog.schmetz.info\/index.php?rest_route=%2Fwp%2Fv2%2Fcategories&post=1302"},{"taxonomy":"post_tag","embeddable":true,"href":"https:\/\/baublog.schmetz.info\/index.php?rest_route=%2Fwp%2Fv2%2Ftags&post=1302"}],"curies":[{"name":"wp","href":"https:\/\/api.w.org\/{rel}","templated":true}]}}