{"id":1286,"date":"2015-09-04T17:18:09","date_gmt":"2015-09-04T15:18:09","guid":{"rendered":"http:\/\/baublog.schmetz.info\/?p=1286"},"modified":"2015-09-06T10:29:43","modified_gmt":"2015-09-06T08:29:43","slug":"heizung-in-betrieb-genommen","status":"publish","type":"post","link":"https:\/\/baublog.schmetz.info\/?p=1286","title":{"rendered":"Heizung in Betrieb genommen"},"content":{"rendered":"<p>Die Sanit\u00e4rfirma hat den Warmwasserspeicher angeschlossen und zusammen mit der Stawag den Gasz\u00e4hler im Anschlussschrank montiert.<\/p>\n<p>Der Warmwasserspeicher ist ordentlich gro\u00df und nimmt eine menge Platz im HWR ein. F\u00fcr Staubsauger und Co. bleibt nicht mehr viel Platz \u00fcbrig.<!--more--><\/p>\n<p style=\"text-align: center;\"><a href=\"http:\/\/baublog.schmetz.info\/wp-content\/uploads\/2015\/09\/20150904_gas_und_heizung_1.jpg\"><img loading=\"lazy\" decoding=\"async\" class=\"alignnone size-medium wp-image-1287\" src=\"http:\/\/baublog.schmetz.info\/wp-content\/uploads\/2015\/09\/20150904_gas_und_heizung_1-169x300.jpg\" alt=\"20150904_gas_und_heizung_1\" width=\"169\" height=\"300\" srcset=\"https:\/\/baublog.schmetz.info\/wp-content\/uploads\/2015\/09\/20150904_gas_und_heizung_1-169x300.jpg 169w, https:\/\/baublog.schmetz.info\/wp-content\/uploads\/2015\/09\/20150904_gas_und_heizung_1.jpg 532w\" sizes=\"auto, (max-width: 169px) 100vw, 169px\" \/><\/a> <a href=\"http:\/\/baublog.schmetz.info\/wp-content\/uploads\/2015\/09\/20150904_gas_und_heizung_2.jpg\"><img loading=\"lazy\" decoding=\"async\" class=\"alignnone size-medium wp-image-1288\" src=\"http:\/\/baublog.schmetz.info\/wp-content\/uploads\/2015\/09\/20150904_gas_und_heizung_2-169x300.jpg\" alt=\"20150904_gas_und_heizung_2\" width=\"169\" height=\"300\" srcset=\"https:\/\/baublog.schmetz.info\/wp-content\/uploads\/2015\/09\/20150904_gas_und_heizung_2-169x300.jpg 169w, https:\/\/baublog.schmetz.info\/wp-content\/uploads\/2015\/09\/20150904_gas_und_heizung_2.jpg 532w\" sizes=\"auto, (max-width: 169px) 100vw, 169px\" \/><\/a> <a href=\"http:\/\/baublog.schmetz.info\/wp-content\/uploads\/2015\/09\/20150904_gas_und_heizung_3.jpg\"><img loading=\"lazy\" decoding=\"async\" class=\"alignnone size-medium wp-image-1289\" src=\"http:\/\/baublog.schmetz.info\/wp-content\/uploads\/2015\/09\/20150904_gas_und_heizung_3-169x300.jpg\" alt=\"20150904_gas_und_heizung_3\" width=\"169\" height=\"300\" srcset=\"https:\/\/baublog.schmetz.info\/wp-content\/uploads\/2015\/09\/20150904_gas_und_heizung_3-169x300.jpg 169w, https:\/\/baublog.schmetz.info\/wp-content\/uploads\/2015\/09\/20150904_gas_und_heizung_3.jpg 532w\" sizes=\"auto, (max-width: 169px) 100vw, 169px\" \/><\/a> <a href=\"http:\/\/baublog.schmetz.info\/wp-content\/uploads\/2015\/09\/20150904_gas_und_heizung_4.jpg\"><img loading=\"lazy\" decoding=\"async\" class=\"alignnone size-medium wp-image-1290\" src=\"http:\/\/baublog.schmetz.info\/wp-content\/uploads\/2015\/09\/20150904_gas_und_heizung_4-169x300.jpg\" alt=\"20150904_gas_und_heizung_4\" width=\"169\" height=\"300\" srcset=\"https:\/\/baublog.schmetz.info\/wp-content\/uploads\/2015\/09\/20150904_gas_und_heizung_4-169x300.jpg 169w, https:\/\/baublog.schmetz.info\/wp-content\/uploads\/2015\/09\/20150904_gas_und_heizung_4.jpg 532w\" sizes=\"auto, (max-width: 169px) 100vw, 169px\" \/><\/a> <a href=\"http:\/\/baublog.schmetz.info\/wp-content\/uploads\/2015\/09\/20150904_gas_und_heizung_5.jpg\"><img loading=\"lazy\" decoding=\"async\" class=\"alignnone size-medium wp-image-1291\" src=\"http:\/\/baublog.schmetz.info\/wp-content\/uploads\/2015\/09\/20150904_gas_und_heizung_5-169x300.jpg\" alt=\"20150904_gas_und_heizung_5\" width=\"169\" height=\"300\" srcset=\"https:\/\/baublog.schmetz.info\/wp-content\/uploads\/2015\/09\/20150904_gas_und_heizung_5-169x300.jpg 169w, https:\/\/baublog.schmetz.info\/wp-content\/uploads\/2015\/09\/20150904_gas_und_heizung_5.jpg 532w\" sizes=\"auto, (max-width: 169px) 100vw, 169px\" \/><\/a><\/p>\n<p style=\"text-align: left;\">Aktuell fehlen noch die Solarkollektoren auf dem Dach. Diese werden wohl nur Samstags montiert und f\u00fcr diesen ist regen gemeldet. Hoffentlich ist dann n\u00e4chste Woche besseres Wetter.<\/p>\n<p>Die Heizung wurde nun in Betrieb genommen und wird f\u00fcr eine Woche auf 40\u00b0 das Haus heizen. Im Anschluss kann dann im OG der Trockenbau geschlossen werden.<\/p>\n<p>Dadurch dass der Kanal ja nun angeschlossen ist, machte sich zusammen mit der Heizung ein unangenehmer Geruch im Haus breit. Deswegen haben wir die ganzen Abwasser\u00f6ffnungen mit Frischhaltefolie verschlossen.<\/p>\n<p>In zwei Wochen soll dann das Bad fertig gemacht und die Treppe eingebaut werden. Wenn das alles so klappt, ist in drei Wochen die Haus\u00fcbergabe.<\/p>\n","protected":false},"excerpt":{"rendered":"<p>Die Sanit\u00e4rfirma hat den Warmwasserspeicher angeschlossen und zusammen mit der Stawag den Gasz\u00e4hler im Anschlussschrank montiert. Der Warmwasserspeicher ist ordentlich gro\u00df und nimmt eine menge Platz im HWR ein. F\u00fcr Staubsauger und Co. bleibt nicht mehr viel Platz \u00fcbrig. &hellip; <a class=\"more-link\" href=\"https:\/\/baublog.schmetz.info\/?p=1286\">Weiterlesen <span class=\"meta-nav\">&rarr;<\/span><\/a><\/p>\n","protected":false},"author":1,"featured_media":0,"comment_status":"open","ping_status":"open","sticky":false,"template":"","format":"standard","meta":{"_s2mail":"yes","footnotes":""},"categories":[10],"tags":[],"class_list":["post-1286","post","type-post","status-publish","format-standard","hentry","category-rohbauphase"],"_links":{"self":[{"href":"https:\/\/baublog.schmetz.info\/index.php?rest_route=\/wp\/v2\/posts\/1286","targetHints":{"allow":["GET"]}}],"collection":[{"href":"https:\/\/baublog.schmetz.info\/index.php?rest_route=\/wp\/v2\/posts"}],"about":[{"href":"https:\/\/baublog.schmetz.info\/index.php?rest_route=\/wp\/v2\/types\/post"}],"author":[{"embeddable":true,"href":"https:\/\/baublog.schmetz.info\/index.php?rest_route=\/wp\/v2\/users\/1"}],"replies":[{"embeddable":true,"href":"https:\/\/baublog.schmetz.info\/index.php?rest_route=%2Fwp%2Fv2%2Fcomments&post=1286"}],"version-history":[{"count":3,"href":"https:\/\/baublog.schmetz.info\/index.php?rest_route=\/wp\/v2\/posts\/1286\/revisions"}],"predecessor-version":[{"id":1294,"href":"https:\/\/baublog.schmetz.info\/index.php?rest_route=\/wp\/v2\/posts\/1286\/revisions\/1294"}],"wp:attachment":[{"href":"https:\/\/baublog.schmetz.info\/index.php?rest_route=%2Fwp%2Fv2%2Fmedia&parent=1286"}],"wp:term":[{"taxonomy":"category","embeddable":true,"href":"https:\/\/baublog.schmetz.info\/index.php?rest_route=%2Fwp%2Fv2%2Fcategories&post=1286"},{"taxonomy":"post_tag","embeddable":true,"href":"https:\/\/baublog.schmetz.info\/index.php?rest_route=%2Fwp%2Fv2%2Ftags&post=1286"}],"curies":[{"name":"wp","href":"https:\/\/api.w.org\/{rel}","templated":true}]}}